{"id":766,"date":"2013-12-02T21:08:56","date_gmt":"2013-12-02T19:08:56","guid":{"rendered":"http:\/\/www.resources-roots.com\/?p=766"},"modified":"2013-12-02T21:08:56","modified_gmt":"2013-12-02T19:08:56","slug":"tunisie-lentreprise-et-le-financement-2","status":"publish","type":"post","link":"https:\/\/www.resources-roots.com\/fr\/tunisie-lentreprise-et-le-financement-2\/","title":{"rendered":"TUNISIE L\u2019ENTREPRISE ET LE FINANCEMENT"},"content":{"rendered":"<p><span style=\"color: #339966;\"><strong><a href=\"http:\/\/www.resources-roots.com\/wp-content\/uploads\/2013\/12\/tunesia.jpg\"><img loading=\"lazy\" class=\" wp-image-787 alignleft\" alt=\"tunesia\" src=\"http:\/\/www.resources-roots.com\/wp-content\/uploads\/2013\/12\/tunesia.jpg\" width=\"151\" height=\"132\" srcset=\"https:\/\/www.resources-roots.com\/wp-content\/uploads\/2013\/12\/tunesia.jpg 699w, https:\/\/www.resources-roots.com\/wp-content\/uploads\/2013\/12\/tunesia-624x545.jpg 624w, https:\/\/www.resources-roots.com\/wp-content\/uploads\/2013\/12\/tunesia-686x600.jpg 686w\" sizes=\"(max-width: 151px) 100vw, 151px\" \/><\/a>NOUVELLES APPROCHES<\/strong><\/span><\/p>\n<p><span style=\"color: #008000;\">28EME SESSION DES JOURNEES DE L\u2019ENTREPRISE LES 6 ET 7 DECEMBRE 2013<\/span><\/p>\n<p><span style=\"color: #008000;\">PORT EL KANTAOUI, SOUSSE, TUNISIE<\/span><\/p>\n<p><span style=\"color: #008000;\"><b>Les Journ\u00e9es de l\u2019entreprise &#8211; le rendez-vous incontournable des d\u00e9cideurs \u00e9conomiques<\/b><\/span><\/p>\n<p>L\u2019\u00e9v\u00e9nement r\u00e9unira pour la 28\u00e9me ann\u00e9e cons\u00e9cutive des \u00e9minents responsables politiques, des d\u00e9cideurs, des chefs d\u2019entreprises, des experts internationaux et des personnes de haut rang qui discuteront principalement des obstacles au financement et les diff\u00e9rents types de financement et notamment, la micro et la mezzanine finance, la finance Islamique, les march\u00e9s financiers et les business angels\u2026.De m\u00eame la 28\u00e8me session s\u2019int\u00e9ressera de pr\u00e8s aux conditions de financement, de la r\u00e9forme du secteur bancaire et des cr\u00e9ances interentreprises.<\/p>\n<p>Pour cette nouvelle \u00e9dition l\u2019\u00e9quipe des Journ\u00e9es de l\u2019entreprise place les nouvelles solutions de financement au c\u0153ur des discussions sur le th\u00e8me <b>\u00ab L\u2019entreprise et le financement : Nouvelles approches \u00bb<\/b><\/p>\n<p>Voire aussi\u00a0: www.iace-event.tn<\/p>\n<p><a href=\"http:\/\/www.resources-roots.com\/wp-content\/uploads\/2013\/12\/Financement-des-Entreprises-Tunisie.pdf\">Dowload PDF: Financement des Entreprises &#8211; Tunisie<\/a><\/p>\n<p>&nbsp;<\/p>\n","protected":false},"excerpt":{"rendered":"<p>NOUVELLES APPROCHES 28EME SESSION DES JOURNEES DE L\u2019ENTREPRISE LES 6 ET 7 DECEMBRE 2013 PORT EL KANTAOUI, SOUSSE, TUNISIE Les Journ\u00e9es de l\u2019entreprise &#8211; le rendez-vous incontournable des d\u00e9cideurs \u00e9conomiques L\u2019\u00e9v\u00e9nement r\u00e9unira pour la 28\u00e9me ann\u00e9e cons\u00e9cutive des \u00e9minents responsables politiques, des d\u00e9cideurs, des chefs d\u2019entreprises, des experts internationaux et des personnes de haut rang [&hellip;]<\/p>\n","protected":false},"author":3,"featured_media":0,"comment_status":"closed","ping_status":"open","sticky":false,"template":"","format":"standard","meta":[],"categories":[26,25],"tags":[],"yoast_head":"<!-- This site is optimized with the Yoast SEO plugin v15.5 - https:\/\/yoast.com\/wordpress\/plugins\/seo\/ -->\n<title>TUNISIE L\u2019ENTREPRISE ET LE FINANCEMENT  - Responsible Resources &amp; Roots Engagement<\/title>\n<meta name=\"robots\" content=\"index, follow, max-snippet:-1, max-image-preview:large, max-video-preview:-1\" \/>\n<link rel=\"canonical\" href=\"https:\/\/www.resources-roots.com\/fr\/tunisie-lentreprise-et-le-financement-2\/\" \/>\n<meta property=\"og:locale\" content=\"fr_FR\" \/>\n<meta property=\"og:type\" content=\"article\" \/>\n<meta property=\"og:title\" content=\"TUNISIE L\u2019ENTREPRISE ET LE FINANCEMENT  - Responsible Resources &amp; Roots Engagement\" \/>\n<meta property=\"og:description\" content=\"NOUVELLES APPROCHES 28EME SESSION DES JOURNEES DE L\u2019ENTREPRISE LES 6 ET 7 DECEMBRE 2013 PORT EL KANTAOUI, SOUSSE, TUNISIE Les Journ\u00e9es de l\u2019entreprise &#8211; le rendez-vous incontournable des d\u00e9cideurs \u00e9conomiques L\u2019\u00e9v\u00e9nement r\u00e9unira pour la 28\u00e9me ann\u00e9e cons\u00e9cutive des \u00e9minents responsables politiques, des d\u00e9cideurs, des chefs d\u2019entreprises, des experts internationaux et des personnes de haut rang [&hellip;]\" \/>\n<meta property=\"og:url\" content=\"https:\/\/www.resources-roots.com\/fr\/tunisie-lentreprise-et-le-financement-2\/\" \/>\n<meta property=\"og:site_name\" content=\"Responsible Resources &amp; Roots Engagement\" \/>\n<meta property=\"article:published_time\" content=\"2013-12-02T19:08:56+00:00\" \/>\n<meta property=\"og:image\" content=\"http:\/\/www.resources-roots.com\/wp-content\/uploads\/2013\/12\/tunesia.jpg\" \/>\n<meta name=\"twitter:label1\" content=\"Dur\u00e9e de lecture est.\">\n\t<meta name=\"twitter:data1\" content=\"1 minute\">\n<script type=\"application\/ld+json\" class=\"yoast-schema-graph\">{\"@context\":\"https:\/\/schema.org\",\"@graph\":[{\"@type\":\"WebSite\",\"@id\":\"https:\/\/www.resources-roots.com\/#website\",\"url\":\"https:\/\/www.resources-roots.com\/\",\"name\":\"Responsible Resources &amp; Roots Engagement\",\"description\":\"Zurich \\u2022 Helsinki \\u2022 Toronto\",\"potentialAction\":[{\"@type\":\"SearchAction\",\"target\":\"https:\/\/www.resources-roots.com\/?s={search_term_string}\",\"query-input\":\"required name=search_term_string\"}],\"inLanguage\":\"fr-FR\"},{\"@type\":\"ImageObject\",\"@id\":\"https:\/\/www.resources-roots.com\/fr\/tunisie-lentreprise-et-le-financement-2\/#primaryimage\",\"inLanguage\":\"fr-FR\",\"url\":\"http:\/\/www.resources-roots.com\/wp-content\/uploads\/2013\/12\/tunesia.jpg\"},{\"@type\":\"WebPage\",\"@id\":\"https:\/\/www.resources-roots.com\/fr\/tunisie-lentreprise-et-le-financement-2\/#webpage\",\"url\":\"https:\/\/www.resources-roots.com\/fr\/tunisie-lentreprise-et-le-financement-2\/\",\"name\":\"TUNISIE L\\u2019ENTREPRISE ET LE FINANCEMENT - Responsible Resources &amp; Roots Engagement\",\"isPartOf\":{\"@id\":\"https:\/\/www.resources-roots.com\/#website\"},\"primaryImageOfPage\":{\"@id\":\"https:\/\/www.resources-roots.com\/fr\/tunisie-lentreprise-et-le-financement-2\/#primaryimage\"},\"datePublished\":\"2013-12-02T19:08:56+00:00\",\"dateModified\":\"2013-12-02T19:08:56+00:00\",\"author\":{\"@id\":\"https:\/\/www.resources-roots.com\/#\/schema\/person\/bdd86ae931966dd38d69a24b090b3888\"},\"inLanguage\":\"fr-FR\",\"potentialAction\":[{\"@type\":\"ReadAction\",\"target\":[\"https:\/\/www.resources-roots.com\/fr\/tunisie-lentreprise-et-le-financement-2\/\"]}]},{\"@type\":\"Person\",\"@id\":\"https:\/\/www.resources-roots.com\/#\/schema\/person\/bdd86ae931966dd38d69a24b090b3888\",\"name\":\"Eleni Regli\",\"image\":{\"@type\":\"ImageObject\",\"@id\":\"https:\/\/www.resources-roots.com\/#personlogo\",\"inLanguage\":\"fr-FR\",\"url\":\"https:\/\/secure.gravatar.com\/avatar\/2694e09fc971b59540595d2131d6760d?s=96&d=mm&r=g\",\"caption\":\"Eleni Regli\"},\"sameAs\":[\"https:\/\/twitter.com\/EleniRegli\"]}]}<\/script>\n<!-- \/ Yoast SEO plugin. -->","_links":{"self":[{"href":"https:\/\/www.resources-roots.com\/fr\/wp-json\/wp\/v2\/posts\/766"}],"collection":[{"href":"https:\/\/www.resources-roots.com\/fr\/wp-json\/wp\/v2\/posts"}],"about":[{"href":"https:\/\/www.resources-roots.com\/fr\/wp-json\/wp\/v2\/types\/post"}],"author":[{"embeddable":true,"href":"https:\/\/www.resources-roots.com\/fr\/wp-json\/wp\/v2\/users\/3"}],"replies":[{"embeddable":true,"href":"https:\/\/www.resources-roots.com\/fr\/wp-json\/wp\/v2\/comments?post=766"}],"version-history":[{"count":9,"href":"https:\/\/www.resources-roots.com\/fr\/wp-json\/wp\/v2\/posts\/766\/revisions"}],"predecessor-version":[{"id":795,"href":"https:\/\/www.resources-roots.com\/fr\/wp-json\/wp\/v2\/posts\/766\/revisions\/795"}],"wp:attachment":[{"href":"https:\/\/www.resources-roots.com\/fr\/wp-json\/wp\/v2\/media?parent=766"}],"wp:term":[{"taxonomy":"category","embeddable":true,"href":"https:\/\/www.resources-roots.com\/fr\/wp-json\/wp\/v2\/categories?post=766"},{"taxonomy":"post_tag","embeddable":true,"href":"https:\/\/www.resources-roots.com\/fr\/wp-json\/wp\/v2\/tags?post=766"}],"curies":[{"name":"wp","href":"https:\/\/api.w.org\/{rel}","templated":true}]}}